{"id":540,"date":"2025-12-15T22:04:39","date_gmt":"2025-12-15T22:04:39","guid":{"rendered":"https:\/\/caravanpro.eu\/blog\/?p=540"},"modified":"2025-12-15T22:04:39","modified_gmt":"2025-12-15T22:04:39","slug":"ruckblick-auf-2025-ein-sommer-der-uns-weit-herumgefuhrt-hat","status":"publish","type":"post","link":"https:\/\/de.caravanpro.eu\/blog\/ruckblick-auf-2025-ein-sommer-der-uns-weit-herumgefuhrt-hat\/","title":{"rendered":"R\u00fcckblick auf 2025: Ein Sommer, der uns weit herumgef\u00fchrt hat"},"content":{"rendered":"\r\n\r\n<figure class=\"wp-block-image size-large\"><img loading=\"lazy\" decoding=\"async\" width=\"1024\" height=\"559\" src=\"https:\/\/caravanpro.eu\/blog\/wp-content\/uploads\/2025\/12\/looking-back-on-2025-1024x559.jpg\" alt=\"\" class=\"wp-image-520\" srcset=\"https:\/\/de.caravanpro.eu\/blog\/wp-content\/uploads\/2025\/12\/looking-back-on-2025-1024x559.jpg 1024w, https:\/\/de.caravanpro.eu\/blog\/wp-content\/uploads\/2025\/12\/looking-back-on-2025-300x164.jpg 300w, https:\/\/de.caravanpro.eu\/blog\/wp-content\/uploads\/2025\/12\/looking-back-on-2025-768x419.jpg 768w, https:\/\/de.caravanpro.eu\/blog\/wp-content\/uploads\/2025\/12\/looking-back-on-2025-1536x839.jpg 1536w, https:\/\/de.caravanpro.eu\/blog\/wp-content\/uploads\/2025\/12\/looking-back-on-2025-1000x546.jpg 1000w, https:\/\/de.caravanpro.eu\/blog\/wp-content\/uploads\/2025\/12\/looking-back-on-2025-230x126.jpg 230w, https:\/\/de.caravanpro.eu\/blog\/wp-content\/uploads\/2025\/12\/looking-back-on-2025-350x191.jpg 350w, https:\/\/de.caravanpro.eu\/blog\/wp-content\/uploads\/2025\/12\/looking-back-on-2025-480x262.jpg 480w, https:\/\/de.caravanpro.eu\/blog\/wp-content\/uploads\/2025\/12\/looking-back-on-2025.jpg 1685w\" sizes=\"(max-width: 1024px) 100vw, 1024px\" \/><\/figure>\r\n\r\n\r\n\r\n\r\n\r\n\r\n\r\n<p>Wenn man auf das Jahr 2025 zur\u00fcckblickt, kann man mit Fug und Recht behaupten, dass es ein Jahr war, das viele Wohnwagen-, Wohnmobil- und Campervan-Besitzer so schnell nicht vergessen werden.<\/p>\r\n\r\n\r\n\r\n\r\n\r\n\r\n\r\n<p>Wenn Sie diesen Sommer verreist sind, spielte das Wetter h\u00f6chstwahrscheinlich eine gro\u00dfe Rolle bei Ihren Pl\u00e4nen, manchmal auf die von Ihnen erwartete Weise, und manchmal ganz und gar nicht.<\/p>\r\n\r\n\r\n\r\n\r\n\r\n\r\n\r\n<h4 class=\"wp-block-heading\" id=\"A_Summer_That_Turned_Up_the_Heat\">Ein Sommer, der die Hitze erh\u00f6hte<\/h4>\r\n\r\n\r\n\r\n\r\n\r\n\r\n\r\n<p>In ganz Europa brachte der Sommer 2025 au\u00dfergew\u00f6hnliche Bedingungen mit sich. Der Juni begann mit Rekordhitze in Teilen Westeuropas. Die Temperaturen stiegen deutlich \u00fcber das, was viele gewohnt waren; die gef\u00fchlte Temperatur erreichte \u00fcber 38 \u00b0C und in L\u00e4ndern wie Portugal sogar fast 48 \u00b0C.<\/p>\r\n\r\n\r\n\r\n\r\n\r\n\r\n\r\n<p>F\u00fcr manche war es einfach zu hei\u00df. Campingpl\u00e4tze hatten mit Schwierigkeiten zu k\u00e4mpfen, Pl\u00e4ne \u00e4nderten sich, und einige Reisende beschlossen, fr\u00fcher als erwartet weiterzuziehen.<\/p>\r\n\r\n\r\n\r\n\r\n\r\n\r\n\r\n<p>F\u00fcr andere? Es war genau das, was sie sich erhofft hatten.<\/p>\r\n\r\n\r\n\r\n\r\n\r\n\r\n\r\n<p>Der Juli verlief \u00e4hnlich, insbesondere in S\u00fcdeuropa. In Italien und Griechenland kletterten die Temperaturen deutlich \u00fcber 40 Grad Celsius, und lange, sonnige Tage wurden zur Normalit\u00e4t. Manche blieben zu Hause und gew\u00f6hnten sich an den Rhythmus von fr\u00fchen Morgenstunden, langen Siestas und Abenden im Freien, sobald die Hitze nachlie\u00df.<\/p>\r\n\r\n\r\n\r\n\r\n\r\n\r\n\r\n<p>Dann \u00fcberraschte uns der August.<\/p>\r\n\r\n\r\n\r\n\r\n\r\n\r\n\r\n<p>W\u00e4hrend die Temperaturen im S\u00fcden nachlie\u00dfen, verlagerte sich die Hitze nach Norden. Teile Norwegens, Schwedens und Finnlands erlebten eine intensive zweiw\u00f6chige Hitzewelle mit Temperaturen \u00fcber 30 \u00b0C, die deutlich l\u00e4nger als \u00fcblich anhielten. F\u00fcr all jene, die auf der Suche nach k\u00fchlerer Luft in den Norden gereist waren, war es eine Erinnerung daran, dass selbst die besten Pl\u00e4ne sich \u00e4ndern k\u00f6nnen.<\/p>\r\n\r\n\r\n\r\n\r\n\r\n\r\n\r\n<h4 class=\"wp-block-heading\" id=\"Did_the_Weather_Change_Your_Plans?\">Hat das Wetter Ihre Pl\u00e4ne ge\u00e4ndert?<\/h4>\r\n\r\n\r\n\r\n\r\n\r\n\r\n\r\n<p>F\u00fcr viele Reisende beeinflusste das Sommerwetter die Entscheidungen in Echtzeit.<\/p>\r\n\r\n\r\n\r\n\r\n\r\n\r\n\r\n<p>Haben Sie:<\/p>\r\n\r\n\r\n\r\n\r\n\r\n\r\n\r\n<ul class=\"wp-block-list\">\r\n\r\n<li><strong><em>L\u00e4nger in der Sonne bleiben, weil die Bedingungen perfekt waren?<\/em><\/strong><\/li>\r\n\r\n\r\n\r\n\r\n\r\n\r\n\r\n<li><strong><em>Sind Sie fr\u00fcher als geplant weitergezogen, weil die Hitze zu gro\u00df wurde?<\/em><\/strong><\/li>\r\n\r\n\r\n\r\n\r\n\r\n\r\n\r\n<li><strong><em>Auf der Suche nach k\u00fchleren Abenden nach Norden oder zur K\u00fcste fahren?<\/em><\/strong><\/li>\r\n\r\n\r\n\r\n\r\n\r\n\r\n\r\n<li>Oder passen Sie Ihre Routine an \u2013 reisen Sie fr\u00fch, ruhen Sie sich w\u00e4hrend der hei\u00dfesten Stunden aus und genie\u00dfen Sie die N\u00e4chte im Freien?<\/li>\r\n\r\n<\/ul>\r\n\r\n\r\n\r\n\r\n\r\n\r\n\r\n<p>Es gab diesen Sommer keine festgelegte Art zu reisen, und das trug mitunter dazu bei, dass er unvergesslich wurde.<\/p>\r\n\r\n\r\n\r\n\r\n\r\n\r\n\r\n<p>Wohin hat dich das Jahr 2025 gef\u00fchrt?<\/p>\r\n\r\n\r\n\r\n\r\n\r\n\r\n\r\n<p>Wenn ich jetzt zur\u00fcckblicke, sind es jenseits der Temperaturen und Reiseziele oft die kleinen Momente, die am meisten in Erinnerung bleiben. Ein ruhiger Campingplatz nach einem langen, hei\u00dfen Tag. Eine unerwartete Routen\u00e4nderung. Ein Ort, an dem man eigentlich nicht anhalten wollte, aber l\u00e4nger verweilte als geplant.<\/p>\r\n\r\n\r\n\r\n\r\n\r\n\r\n\r\n<p>Wir w\u00fcrden daher gerne wissen:<\/p>\r\n\r\n\r\n\r\n\r\n\r\n\r\n\r\n<p><strong><em>Was hast du diesen Sommer gemacht?<\/em><\/strong><\/p>\r\n\r\n\r\n\r\n\r\n\r\n\r\n\r\n<p><strong><em>Hat die Hitze Ihre Pl\u00e4ne ver\u00e4ndert oder die Reise sogar noch sch\u00f6ner gemacht?<\/em><\/strong><\/p>\r\n\r\n\r\n\r\n\r\n\r\n\r\n\r\n<p>Teilen Sie Ihre Geschichte mit uns und helfen Sie uns dabei, ein Gef\u00fchl daf\u00fcr zu vermitteln, wie sich Reisen im Jahr 2025 wirklich anf\u00fchlt.<\/p>\r\n\r\n","protected":false},"excerpt":{"rendered":"<p>Wenn man auf das Jahr 2025 zur\u00fcckblickt, kann man mit Fug und Recht behaupten, dass es ein Jahr war, das viele Wohnwagen-, [&hellip;]<\/p>\n","protected":false},"author":1,"featured_media":520,"comment_status":"closed","ping_status":"open","sticky":false,"template":"","format":"standard","meta":{"_siteseo_robots_primary_cat":"none","_themeisle_gutenberg_block_has_review":false,"footnotes":""},"categories":[137,159,111,99],"tags":[],"class_list":["post-540","post","type-post","status-publish","format-standard","has-post-thumbnail","hentry","category-kastenwagen","category-reisen","category-wohnmobile","category-wohnwagen"],"_links":{"self":[{"href":"https:\/\/de.caravanpro.eu\/blog\/wp-json\/wp\/v2\/posts\/540"}],"collection":[{"href":"https:\/\/de.caravanpro.eu\/blog\/wp-json\/wp\/v2\/posts"}],"about":[{"href":"https:\/\/de.caravanpro.eu\/blog\/wp-json\/wp\/v2\/types\/post"}],"author":[{"embeddable":true,"href":"https:\/\/de.caravanpro.eu\/blog\/wp-json\/wp\/v2\/users\/1"}],"replies":[{"embeddable":true,"href":"https:\/\/de.caravanpro.eu\/blog\/wp-json\/wp\/v2\/comments?post=540"}],"version-history":[{"count":2,"href":"https:\/\/de.caravanpro.eu\/blog\/wp-json\/wp\/v2\/posts\/540\/revisions"}],"predecessor-version":[{"id":544,"href":"https:\/\/de.caravanpro.eu\/blog\/wp-json\/wp\/v2\/posts\/540\/revisions\/544"}],"wp:featuredmedia":[{"embeddable":true,"href":"https:\/\/de.caravanpro.eu\/blog\/wp-json\/wp\/v2\/media\/520"}],"wp:attachment":[{"href":"https:\/\/de.caravanpro.eu\/blog\/wp-json\/wp\/v2\/media?parent=540"}],"wp:term":[{"taxonomy":"category","embeddable":true,"href":"https:\/\/de.caravanpro.eu\/blog\/wp-json\/wp\/v2\/categories?post=540"},{"taxonomy":"post_tag","embeddable":true,"href":"https:\/\/de.caravanpro.eu\/blog\/wp-json\/wp\/v2\/tags?post=540"}],"curies":[{"name":"wp","href":"https:\/\/api.w.org\/{rel}","templated":true}]}}