{"id":403,"date":"2025-09-11T18:14:01","date_gmt":"2025-09-11T18:14:01","guid":{"rendered":"https:\/\/caravanpro.eu\/blog\/?p=403"},"modified":"2025-09-11T18:14:03","modified_gmt":"2025-09-11T18:14:03","slug":"warum-wir-caravanpro-gegrundet-haben-eine-neue-art-wohnwagen-und-reisemobile-zu-kaufen-und-zu-verkaufen","status":"publish","type":"post","link":"https:\/\/de.caravanpro.eu\/blog\/warum-wir-caravanpro-gegrundet-haben-eine-neue-art-wohnwagen-und-reisemobile-zu-kaufen-und-zu-verkaufen\/","title":{"rendered":"Warum wir CaravanPro gegr\u00fcndet haben: eine neue Art, Wohnwagen und Reisemobile zu kaufen und zu verkaufen"},"content":{"rendered":"\r\n\r\n<figure class=\"wp-block-image size-large\"><img loading=\"lazy\" decoding=\"async\" width=\"1024\" height=\"559\" src=\"https:\/\/caravanpro.eu\/blog\/wp-content\/uploads\/2025\/09\/why-we-created-caravanpro-1024x559.jpg\" alt=\"\" class=\"wp-image-383\" srcset=\"https:\/\/de.caravanpro.eu\/blog\/wp-content\/uploads\/2025\/09\/why-we-created-caravanpro-1024x559.jpg 1024w, https:\/\/de.caravanpro.eu\/blog\/wp-content\/uploads\/2025\/09\/why-we-created-caravanpro-300x164.jpg 300w, https:\/\/de.caravanpro.eu\/blog\/wp-content\/uploads\/2025\/09\/why-we-created-caravanpro-768x420.jpg 768w, https:\/\/de.caravanpro.eu\/blog\/wp-content\/uploads\/2025\/09\/why-we-created-caravanpro-1000x546.jpg 1000w, https:\/\/de.caravanpro.eu\/blog\/wp-content\/uploads\/2025\/09\/why-we-created-caravanpro-230x126.jpg 230w, https:\/\/de.caravanpro.eu\/blog\/wp-content\/uploads\/2025\/09\/why-we-created-caravanpro-350x191.jpg 350w, https:\/\/de.caravanpro.eu\/blog\/wp-content\/uploads\/2025\/09\/why-we-created-caravanpro-480x262.jpg 480w, https:\/\/de.caravanpro.eu\/blog\/wp-content\/uploads\/2025\/09\/why-we-created-caravanpro.jpg 1536w\" sizes=\"(max-width: 1024px) 100vw, 1024px\" \/><\/figure>\r\n\r\n\r\n\r\n\r\n\r\n\r\n\r\n<h3 class=\"wp-block-heading\">Eine neue Idee f\u00fcr eine bekannte Leidenschaft<\/h3>\r\n\r\n\r\n\r\n\r\n\r\n\r\n\r\n<p>Wohnwagen und Wohnmobile geh\u00f6ren in ganz Europa schon lange zum Alltag \u2013 vom Familienurlaub am Meer bis zum abenteuerlichen Roadtrip \u00fcber die Grenzen hinweg. Doch beim Online-Kauf und -Verkauf sind viele Menschen mit den gleichen Frustrationen konfrontiert: hohe Geb\u00fchren, eingeschr\u00e4nkte Sichtbarkeit und Plattformen, die die Freizeitfahrzeug-Community nicht wirklich verstehen.<\/p>\r\n\r\n\r\n\r\n\r\n\r\n\r\n\r\n<p>Hier kommt CaravanPro ins Spiel.<\/p>\r\n\r\n\r\n\r\n\r\n\r\n\r\n\r\n<h3 class=\"wp-block-heading\">Das Problem, das wir sahen<\/h3>\r\n\r\n\r\n\r\n\r\n\r\n\r\n\r\n<p>Im Laufe der Jahre haben wir mit unz\u00e4hligen Wohnwagenbesitzern und -h\u00e4ndlern gesprochen. Immer wieder kamen die gleichen Beschwerden:<\/p>\r\n\r\n\r\n\r\n\r\n\r\n\r\n\r\n<ul class=\"wp-block-list\">\r\n\r\n<li><strong>Teure Eintr\u00e4ge<\/strong> \u2013 Eintr\u00e4ge k\u00f6nnen 30 oder 40 oder manchmal mehr f\u00fcr eine einzelne Anzeige kosten.<\/li>\r\n\r\n\r\n\r\n\r\n\r\n\r\n\r\n<li><strong>Versteckte Extras<\/strong> \u2013 Upgrades f\u00fcr Fotos, l\u00e4ngere Eintr\u00e4ge oder \u201ehervorgehobene\u201c Orte.<\/li>\r\n\r\n\r\n\r\n\r\n\r\n\r\n\r\n<li><strong>Nur lokale Reichweite<\/strong> \u2013 Wohnwagen werden einem kleinen Publikum angeboten, es fehlen reisebereite K\u00e4ufer.<\/li>\r\n\r\n\r\n\r\n\r\n\r\n\r\n\r\n<li><strong>Zeitaufw\u00e4ndige Uploads<\/strong> \u2013 Ausf\u00fcllen endloser Formulare, bevor eine Anzeige \u00fcberhaupt live geht.<\/li>\r\n\r\n<\/ul>\r\n\r\n\r\n\r\n\r\n\r\n\r\n\r\n<p>Es wurde klar, dass eine bessere L\u00f6sung erforderlich war.<\/p>\r\n\r\n\r\n\r\n\r\n\r\n\r\n\r\n<h3 class=\"wp-block-heading\">Unsere Vision<\/h3>\r\n\r\n\r\n\r\n\r\n\r\n\r\n\r\n<p>Wir haben CaravanPro so gebaut, dass es:<\/p>\r\n\r\n\r\n\r\n\r\n\r\n\r\n\r\n<div class=\"wp-block-media-text is-stacked-on-mobile\" style=\"grid-template-columns:49% auto\"><figure class=\"wp-block-media-text__media\"><img loading=\"lazy\" decoding=\"async\" width=\"1024\" height=\"576\" src=\"https:\/\/caravanpro.eu\/blog\/wp-content\/uploads\/2025\/09\/iStock-2190480623-1024x576.jpg\" alt=\"\" class=\"wp-image-385 size-full\" srcset=\"https:\/\/de.caravanpro.eu\/blog\/wp-content\/uploads\/2025\/09\/iStock-2190480623-1024x576.jpg 1024w, https:\/\/de.caravanpro.eu\/blog\/wp-content\/uploads\/2025\/09\/iStock-2190480623-300x169.jpg 300w, https:\/\/de.caravanpro.eu\/blog\/wp-content\/uploads\/2025\/09\/iStock-2190480623-768x432.jpg 768w, https:\/\/de.caravanpro.eu\/blog\/wp-content\/uploads\/2025\/09\/iStock-2190480623-1000x563.jpg 1000w, https:\/\/de.caravanpro.eu\/blog\/wp-content\/uploads\/2025\/09\/iStock-2190480623-230x129.jpg 230w, https:\/\/de.caravanpro.eu\/blog\/wp-content\/uploads\/2025\/09\/iStock-2190480623-350x197.jpg 350w, https:\/\/de.caravanpro.eu\/blog\/wp-content\/uploads\/2025\/09\/iStock-2190480623-480x270.jpg 480w, https:\/\/de.caravanpro.eu\/blog\/wp-content\/uploads\/2025\/09\/iStock-2190480623.jpg 1365w\" sizes=\"(max-width: 1024px) 100vw, 1024px\" \/><\/figure><div class=\"wp-block-media-text__content\">\r\n\r\n<ul class=\"wp-block-list\">\r\n\r\n<li><strong>Einfach<\/strong> \u2013 das Auflisten Ihres Wohnwagens dauert Minuten, nicht Stunden.<\/li>\r\n\r\n\r\n\r\n\r\n\r\n\r\n\r\n<li><strong>Erschwinglich<\/strong> \u2013 Angemessene Preise.<\/li>\r\n\r\n\r\n\r\n\r\n\r\n\r\n\r\n<li><strong>Sichtbar<\/strong> \u2013 Erreichen Sie K\u00e4ufer in Frankreich, Deutschland, Spanien, Belgien, Estland, Gro\u00dfbritannien, Irland, den Niederlanden und dar\u00fcber hinaus.<\/li>\r\n\r\n\r\n\r\n\r\n\r\n\r\n\r\n<li><strong>Inklusiv<\/strong> \u2013 sowohl f\u00fcr private Verk\u00e4ufer als auch f\u00fcr professionelle H\u00e4ndler konzipiert.<\/li>\r\n\r\n<\/ul>\r\n\r\n<\/div><\/div>\r\n\r\n\r\n\r\n\r\n\r\n\r\n\r\n<h3 class=\"wp-block-heading\">Ein fairer Deal f\u00fcr Verk\u00e4ufer und K\u00e4ufer<\/h3>\r\n\r\n\r\n\r\n\r\n\r\n\r\n\r\n<p>Wir sind \u00fcberzeugt, dass der Verkauf Ihres Wohnwagens nicht mehr kosten sollte als eine Tasse Kaffee und ein St\u00fcck Kuchen. Und K\u00e4ufer sollten nicht erst irrelevante Anzeigen durchforsten m\u00fcssen, um das Gew\u00fcnschte zu finden. CaravanPro bietet beiden Seiten ein besseres Erlebnis: \u00fcbersichtliche Angebote, klare Informationen und ein europaweites Publikum.<\/p>\r\n\r\n\r\n\r\n\r\n\r\n\r\n\r\n<h3 class=\"wp-block-heading\">Warum jetzt starten?<\/h3>\r\n\r\n\r\n\r\n\r\n\r\n\r\n\r\n<p>Caravaning boomt. Immer mehr Familien, Paare und Abenteurer entscheiden sich f\u00fcr Wohnwagen und Wohnmobile als Reisem\u00f6glichkeit. Gleichzeitig w\u00fcnschen sich Verk\u00e4ufer Alternativen zu \u00fcberf\u00fcllten, \u00fcberteuerten Plattformen. Wir fanden, jetzt ist der perfekte Zeitpunkt, CaravanPro zu starten und der Community etwas Besseres zu bieten.<\/p>\r\n\r\n\r\n\r\n\r\n\r\n\r\n\r\n<h3 class=\"wp-block-heading\">Unser Einf\u00fchrungsangebot<\/h3>\r\n\r\n\r\n\r\n\r\n\r\n\r\n\r\n<p>Um unseren Start zu feiern, kosten die Eintr\u00e4ge <strong>den ganzen September \u00fcber nur 3\u00a0\u20ac<\/strong>.<\/p>\r\n\r\n\r\n\r\n\r\n\r\n\r\n\r\n<figure class=\"wp-block-pullquote\"><blockquote><p>Noch besser: Verwenden Sie den Code <strong>FREESEPT<\/strong> und Ihr erster Eintrag kostet \u00fcberhaupt nichts.<\/p><\/blockquote><\/figure>\r\n\r\n\r\n\r\n\r\n\r\n\r\n\r\n<p>Auf diese Weise laden wir Sie ein, CaravanPro risikofrei auszuprobieren.<\/p>\r\n\r\n\r\n\r\n\r\n\r\n\r\n\r\n<h3 class=\"wp-block-heading\">Treten Sie der CaravanPro-Community bei<\/h3>\r\n\r\n\r\n\r\n\r\n\r\n\r\n\r\n<p>CaravanPro ist nicht nur ein Marktplatz. Es soll sich zu einer Anlaufstelle f\u00fcr Caravan- und Wohnmobil-Enthusiasten entwickeln \u2013 mit Tipps, Anleitungen und Ressourcen, die den Besitz erleichtern.<\/p>\r\n\r\n\r\n\r\n\r\n\r\n\r\n\r\n<p>Wir w\u00fcrden uns freuen, wenn Sie dabei w\u00e4ren.<\/p>\r\n\r\n\r\n\r\n\r\n\r\n\r\n\r\n<blockquote class=\"wp-block-quote is-style-plain is-layout-flow wp-block-quote-is-layout-flow\">\r\n\r\n<p class=\"has-text-align-center has-vivid-cyan-blue-color has-text-color has-link-color wp-elements-0d00673645570960d624876169192979\"><span class=\"wp-rich-text-font-awesome-icon wp-font-awesome-icon\"><svg aria-hidden=\"true\" focusable=\"false\" data-prefix=\"fas\" data-icon=\"arrow-right\" class=\"svg-inline--fa fa-arrow-right \" role=\"img\" xmlns=\"http:\/\/www.w3.org\/2000\/svg\" viewBox=\"0 0 512 512\"><path fill=\"currentColor\" d=\"M502.6 278.6c12.5-12.5 12.5-32.8 0-45.3l-160-160c-12.5-12.5-32.8-12.5-45.3 0s-12.5 32.8 0 45.3L402.7 224 32 224c-17.7 0-32 14.3-32 32s14.3 32 32 32l370.7 0-105.4 105.4c-12.5 12.5-12.5 32.8 0 45.3s32.8 12.5 45.3 0l160-160z\"><\/path><\/svg><\/span> <a href=\"https:\/\/caravanpro.eu\/signup-plans\" data-type=\"link\" data-id=\"https:\/\/caravanpro.eu\/signup-plans\">Listen Sie Ihren Wohnwagen noch heute auf und sehen Sie, wie einfach es sein kann.<\/a><\/p>\r\n\r\n<\/blockquote>\r\n\r\n","protected":false},"excerpt":{"rendered":"<p>Eine neue Idee f\u00fcr eine bekannte Leidenschaft Wohnwagen und Wohnmobile geh\u00f6ren in ganz Europa schon lange zum Alltag \u2013 vom Familienurlaub am [&hellip;]<\/p>\n","protected":false},"author":1,"featured_media":383,"comment_status":"closed","ping_status":"open","sticky":false,"template":"","format":"standard","meta":{"_siteseo_robots_primary_cat":"none","_themeisle_gutenberg_block_has_review":false,"footnotes":""},"categories":[149,111,99],"tags":[],"class_list":["post-403","post","type-post","status-publish","format-standard","has-post-thumbnail","hentry","category-caravanpro-de","category-wohnmobile","category-wohnwagen"],"_links":{"self":[{"href":"https:\/\/de.caravanpro.eu\/blog\/wp-json\/wp\/v2\/posts\/403"}],"collection":[{"href":"https:\/\/de.caravanpro.eu\/blog\/wp-json\/wp\/v2\/posts"}],"about":[{"href":"https:\/\/de.caravanpro.eu\/blog\/wp-json\/wp\/v2\/types\/post"}],"author":[{"embeddable":true,"href":"https:\/\/de.caravanpro.eu\/blog\/wp-json\/wp\/v2\/users\/1"}],"replies":[{"embeddable":true,"href":"https:\/\/de.caravanpro.eu\/blog\/wp-json\/wp\/v2\/comments?post=403"}],"version-history":[{"count":2,"href":"https:\/\/de.caravanpro.eu\/blog\/wp-json\/wp\/v2\/posts\/403\/revisions"}],"predecessor-version":[{"id":425,"href":"https:\/\/de.caravanpro.eu\/blog\/wp-json\/wp\/v2\/posts\/403\/revisions\/425"}],"wp:featuredmedia":[{"embeddable":true,"href":"https:\/\/de.caravanpro.eu\/blog\/wp-json\/wp\/v2\/media\/383"}],"wp:attachment":[{"href":"https:\/\/de.caravanpro.eu\/blog\/wp-json\/wp\/v2\/media?parent=403"}],"wp:term":[{"taxonomy":"category","embeddable":true,"href":"https:\/\/de.caravanpro.eu\/blog\/wp-json\/wp\/v2\/categories?post=403"},{"taxonomy":"post_tag","embeddable":true,"href":"https:\/\/de.caravanpro.eu\/blog\/wp-json\/wp\/v2\/tags?post=403"}],"curies":[{"name":"wp","href":"https:\/\/api.w.org\/{rel}","templated":true}]}}