{"id":237,"date":"2025-05-22T15:18:39","date_gmt":"2025-05-22T15:18:39","guid":{"rendered":"https:\/\/caravanpro.eu\/blog\/?p=237"},"modified":"2025-08-03T08:18:51","modified_gmt":"2025-08-03T08:18:51","slug":"wir-sind-live-willkommen-bei-caravanpro","status":"publish","type":"post","link":"https:\/\/de.caravanpro.eu\/blog\/wir-sind-live-willkommen-bei-caravanpro\/","title":{"rendered":"Wir sind live \u2013 Willkommen bei CaravanPro!"},"content":{"rendered":"\n<div class=\"wp-block-cover is-light has-custom-content-position is-position-top-center has-white-color has-text-color has-link-color wp-elements-53ac4692f9ba820ee7c9385bded1e414\" style=\"min-height:520px;aspect-ratio:unset;\"><span aria-hidden=\"true\" class=\"wp-block-cover__background has-background-dim-0 has-background-dim\"><\/span><img loading=\"lazy\" decoding=\"async\" width=\"1024\" height=\"683\" class=\"wp-block-cover__image-background wp-image-211\" alt=\"CaravanPro Announces Launch of Website for advertising caravans and motorhomes for individuals and businesses. Users Access CaravanPro website on mobile phones and Tablets. Motorhomes and Caravans are in the background with orange sunset.\" src=\"https:\/\/caravanpro.eu\/blog\/wp-content\/uploads\/2025\/05\/CaravanPro-Launch-1024x683.jpg\" style=\"object-position:70% 60%\" data-object-fit=\"cover\" data-object-position=\"70% 60%\" srcset=\"https:\/\/de.caravanpro.eu\/blog\/wp-content\/uploads\/2025\/05\/CaravanPro-Launch-1024x683.jpg 1024w, https:\/\/de.caravanpro.eu\/blog\/wp-content\/uploads\/2025\/05\/CaravanPro-Launch-300x200.jpg 300w, https:\/\/de.caravanpro.eu\/blog\/wp-content\/uploads\/2025\/05\/CaravanPro-Launch-768x512.jpg 768w, https:\/\/de.caravanpro.eu\/blog\/wp-content\/uploads\/2025\/05\/CaravanPro-Launch-1200x800.jpg 1200w, https:\/\/de.caravanpro.eu\/blog\/wp-content\/uploads\/2025\/05\/CaravanPro-Launch-1000x667.jpg 1000w, https:\/\/de.caravanpro.eu\/blog\/wp-content\/uploads\/2025\/05\/CaravanPro-Launch-230x153.jpg 230w, https:\/\/de.caravanpro.eu\/blog\/wp-content\/uploads\/2025\/05\/CaravanPro-Launch-350x233.jpg 350w, https:\/\/de.caravanpro.eu\/blog\/wp-content\/uploads\/2025\/05\/CaravanPro-Launch-480x320.jpg 480w, https:\/\/de.caravanpro.eu\/blog\/wp-content\/uploads\/2025\/05\/CaravanPro-Launch.jpg 1536w\" sizes=\"(max-width: 1024px) 100vw, 1024px\" \/><div class=\"wp-block-cover__inner-container is-layout-flow wp-block-cover-is-layout-flow\">\n<p class=\"has-text-align-center has-large-font-size\">WIR SIND LIVE! WILLKOMMEN BEI<\/p>\n\n\n\n<p class=\"has-text-align-center has-large-font-size\">CARAVANPRO!<\/p>\n<\/div><\/div>\n\n\n\n<p>Wir freuen uns riesig, es sagen zu d\u00fcrfen: <strong>CaravanPro ist offiziell gestartet!<\/strong><\/p>\n\n\n\n<p>Egal, ob du ein erfahrener Dauercamper, ein Wochenendabenteurer oder gerade erst dabei bist, von deinem ersten Van zu tr\u00e4umen \u2013 <strong>du hast soeben dein neues Zuhause f\u00fcr alles rund um Wohnwagen und Wohnmobile gefunden.<\/strong><\/p>\n\n\n\n<p>CaravanPro wurde mit einer einfachen Idee gegr\u00fcndet: Es soll Menschen in ganz Europa leichter gemacht werden, sich zu vernetzen, Inserate zu erstellen, zu suchen und die Welt der Freizeitfahrzeuge zu entdecken. Von stylischen Campervans bis hin zu klassischen Caravans \u2013 wir bringen K\u00e4ufer, Verk\u00e4ufer und Fans an einem benutzerfreundlichen Ort zusammen.<\/p>\n\n\n\n<p><strong>Was kannst du auf CaravanPro machen?<\/strong><\/p>\n\n\n\n<ul class=\"wp-block-list\">\n<li>Durchst\u00f6bere eine st\u00e4ndig wachsende Auswahl an Wohnwagen und Wohnmobilen zum Verkauf in ganz Europa<\/li>\n\n\n\n<li>Erstelle dein eigenes kostenloses Inserat (<strong>zum Start bieten wir Privatpersonen 3 Monate kostenlose Inserate an!<\/strong>)<\/li>\n\n\n\n<li>Entdecke unseren stetig wachsenden Herstellerkatalog<\/li>\n\n\n\n<li>Finde hilfreiche Tipps und Ressourcen f\u00fcr das Leben unterwegs<\/li>\n\n\n\n<li>W\u00e4hle den richtigen Plan f\u00fcr dich \u2013 von <strong>privaten Nutzerkonten<\/strong> bis hin zu <strong>ma\u00dfgeschneiderten Business-Konten<\/strong>, speziell f\u00fcr H\u00e4ndler und Profis<\/li>\n<\/ul>\n\n\n\n<p><strong>Du betreibst ein Gesch\u00e4ft?<\/strong> Wir bieten flexible Pl\u00e4ne:<\/p>\n\n\n\n<ul class=\"wp-block-list\">\n<li><strong>Business Lite<\/strong> \u2013 ideal f\u00fcr kleinere Caravan- oder Wohnmobilh\u00e4ndler, die auf kosteng\u00fcnstige Weise mehr Kunden erreichen m\u00f6chten<\/li>\n\n\n\n<li><strong>Business PRO<\/strong> \u2013 perfekt f\u00fcr gr\u00f6\u00dfere H\u00e4ndler und Organisationen, die zus\u00e4tzliche Funktionen und mehr Sichtbarkeit ben\u00f6tigen<\/li>\n<\/ul>\n\n\n\n<p>Wir haben CaravanPro so entwickelt, dass es nahtlos in ganz Europa funktioniert \u2013 von Gro\u00dfbritannien und Irland \u00fcber Frankreich, Deutschland, Spanien und dar\u00fcber hinaus. <strong>Und das ist erst der Anfang.<\/strong><\/p>\n\n\n\n<p>In den kommenden Monaten erwarten dich neue Funktionen, frische Inserate und hilfreiche Blogbeitr\u00e4ge, die dir helfen, das Beste aus deinem Caravan- oder Wohnmobil-Abenteuer herauszuholen.<\/p>\n\n\n\n<p>F\u00fcr den Moment: Schau dich um. Erstelle ein Konto. Inseriere dein Fahrzeug. Oder st\u00f6bere einfach ein wenig \u2014 und <strong>vergiss nicht, dich f\u00fcr Neuigkeiten, Features und exklusive Angebote anzumelden<\/strong>, um auf dem Laufenden zu bleiben.<\/p>\n\n\n\n<p>Danke, dass du von Anfang an dabei bist \u2013 wir freuen uns, dich auf dieser Reise an unserer Seite zu haben.<\/p>\n\n\n\n<p><strong>Willkommen bei CaravanPro.<\/strong> <\/p>\n","protected":false},"excerpt":{"rendered":"<p>Wir freuen uns riesig, es sagen zu d\u00fcrfen: CaravanPro ist offiziell gestartet! Egal, ob du ein erfahrener Dauercamper, ein Wochenendabenteurer oder gerade [&hellip;]<\/p>\n","protected":false},"author":1,"featured_media":246,"comment_status":"open","ping_status":"open","sticky":false,"template":"","format":"standard","meta":{"_siteseo_robots_primary_cat":"none","_themeisle_gutenberg_block_has_review":false,"footnotes":""},"categories":[17],"tags":[],"class_list":["post-237","post","type-post","status-publish","format-standard","has-post-thumbnail","hentry","category-uncategorized-de"],"_links":{"self":[{"href":"https:\/\/de.caravanpro.eu\/blog\/wp-json\/wp\/v2\/posts\/237"}],"collection":[{"href":"https:\/\/de.caravanpro.eu\/blog\/wp-json\/wp\/v2\/posts"}],"about":[{"href":"https:\/\/de.caravanpro.eu\/blog\/wp-json\/wp\/v2\/types\/post"}],"author":[{"embeddable":true,"href":"https:\/\/de.caravanpro.eu\/blog\/wp-json\/wp\/v2\/users\/1"}],"replies":[{"embeddable":true,"href":"https:\/\/de.caravanpro.eu\/blog\/wp-json\/wp\/v2\/comments?post=237"}],"version-history":[{"count":3,"href":"https:\/\/de.caravanpro.eu\/blog\/wp-json\/wp\/v2\/posts\/237\/revisions"}],"predecessor-version":[{"id":256,"href":"https:\/\/de.caravanpro.eu\/blog\/wp-json\/wp\/v2\/posts\/237\/revisions\/256"}],"wp:featuredmedia":[{"embeddable":true,"href":"https:\/\/de.caravanpro.eu\/blog\/wp-json\/wp\/v2\/media\/246"}],"wp:attachment":[{"href":"https:\/\/de.caravanpro.eu\/blog\/wp-json\/wp\/v2\/media?parent=237"}],"wp:term":[{"taxonomy":"category","embeddable":true,"href":"https:\/\/de.caravanpro.eu\/blog\/wp-json\/wp\/v2\/categories?post=237"},{"taxonomy":"post_tag","embeddable":true,"href":"https:\/\/de.caravanpro.eu\/blog\/wp-json\/wp\/v2\/tags?post=237"}],"curies":[{"name":"wp","href":"https:\/\/api.w.org\/{rel}","templated":true}]}}